{"id":294,"date":"2007-11-26T17:48:57","date_gmt":"2007-11-26T15:48:57","guid":{"rendered":"http:\/\/peter.onlinekuhn.com\/?p=294"},"modified":"2007-11-27T11:57:37","modified_gmt":"2007-11-27T09:57:37","slug":"teneriffa","status":"publish","type":"post","link":"http:\/\/peter.onlinekuhn.com\/?p=294","title":{"rendered":"Teneriffa"},"content":{"rendered":"<p><span style=\"font-size: 12pt; font-family: 'Times New Roman'\" lang=\"IT\">09.Mai &#8211; 23.Mai 1985<\/span><\/p>\n<p>Die Kanareninsel Teneriffa haben wir auch mal f\u00fcr 14 Tage besucht. Wir wohnten in Puerto de la Cruz und haben von dort aus sch\u00f6ne Ausfl\u00fcge mit dem Leihwagen unternommen.<\/p>\n<p><!--more--><\/p>\n<p><a href=\"http:\/\/peter.onlinekuhn.com\/wp-content\/uploads\/2007\/11\/teneriffa007_website.jpg\" title=\"teneriffa007_website.jpg\"><img decoding=\"async\" src=\"http:\/\/peter.onlinekuhn.com\/wp-content\/uploads\/2007\/11\/teneriffa007_website.thumbnail.jpg\" alt=\"teneriffa007_website.jpg\" \/><\/a><br \/>\nVom Hotel aus hatten wir einen grandiosen Blick hinunter nach Puerto de la Cruz.<br \/>\n<a href=\"http:\/\/peter.onlinekuhn.com\/wp-content\/uploads\/2007\/11\/teneriffa010_website.jpg\" title=\"teneriffa010_website.jpg\"><img decoding=\"async\" src=\"http:\/\/peter.onlinekuhn.com\/wp-content\/uploads\/2007\/11\/teneriffa010_website.thumbnail.jpg\" alt=\"teneriffa010_website.jpg\" \/><\/a><br \/>\nDer \u00fcppige Planzenreichtum im Norden Teneriffas hat uns \u00fcberrascht und erfreut.<br \/>\n<a href=\"http:\/\/peter.onlinekuhn.com\/wp-content\/uploads\/2007\/11\/teneriffa008_website.jpg\" title=\"teneriffa008_website.jpg\"><img decoding=\"async\" src=\"http:\/\/peter.onlinekuhn.com\/wp-content\/uploads\/2007\/11\/teneriffa008_website.thumbnail.jpg\" alt=\"teneriffa008_website.jpg\" \/><\/a><br \/>\nNach der anderen Seite blickte man hinauf zu dem wolkenummantelten Pico de Teide.<br \/>\n<a href=\"http:\/\/peter.onlinekuhn.com\/wp-content\/uploads\/2007\/11\/teneriffa012_website.jpg\" title=\"teneriffa012_website.jpg\"><img decoding=\"async\" src=\"http:\/\/peter.onlinekuhn.com\/wp-content\/uploads\/2007\/11\/teneriffa012_website.thumbnail.jpg\" alt=\"teneriffa012_website.jpg\" \/><\/a><br \/>\nDas Hotelzimmer war h\u00fcbsch mit dunklem Holz verkleidet. Jedoch, nur im Hotel zu faulenzen oder den ganzen Tag am Strand zu liegen war  noch nie unsere Art Urlaub gewesen.<br \/>\n<a href=\"http:\/\/peter.onlinekuhn.com\/wp-content\/uploads\/2007\/11\/teneriffa046_website.jpg\" title=\"teneriffa046_website.jpg\"><img decoding=\"async\" src=\"http:\/\/peter.onlinekuhn.com\/wp-content\/uploads\/2007\/11\/teneriffa046_website.thumbnail.jpg\" alt=\"teneriffa046_website.jpg\" \/><\/a><br \/>\nDeshalb sind wir bald auf Inselentdeckung gefahren.<br \/>\n<a href=\"http:\/\/peter.onlinekuhn.com\/wp-content\/uploads\/2007\/11\/teneriffa040_website.jpg\" title=\"teneriffa040_website.jpg\"><img decoding=\"async\" src=\"http:\/\/peter.onlinekuhn.com\/wp-content\/uploads\/2007\/11\/teneriffa040_website.thumbnail.jpg\" alt=\"teneriffa040_website.jpg\" \/><\/a><br \/>\nDer gemietete K\u00e4fer war kein echtes Cabrio, sondern ein &#8222;oben abgeschnittener&#8220;. Hat gut zu Mia gepasst, die war damals auch &#8222;oben abgeschnitten&#8220;. \ud83d\ude42<br \/>\n<a href=\"http:\/\/peter.onlinekuhn.com\/wp-content\/uploads\/2007\/11\/teneriffa022_website.jpg\" title=\"teneriffa022_website.jpg\"><img decoding=\"async\" src=\"http:\/\/peter.onlinekuhn.com\/wp-content\/uploads\/2007\/11\/teneriffa022_website.thumbnail.jpg\" alt=\"teneriffa022_website.jpg\" \/><\/a><br \/>\nAber verstecken musste sie sich auch mit dieser Frisur nicht. \ud83d\ude09 Obwohl die zahlreichen H\u00f6hlen am Weg hinauf zum Teide dies leicht erm\u00f6glicht h\u00e4tten.<br \/>\n<a href=\"http:\/\/peter.onlinekuhn.com\/wp-content\/uploads\/2007\/11\/teneriffa025_website.jpg\" title=\"teneriffa025_website.jpg\"><img decoding=\"async\" src=\"http:\/\/peter.onlinekuhn.com\/wp-content\/uploads\/2007\/11\/teneriffa025_website.thumbnail.jpg\" alt=\"teneriffa025_website.jpg\" \/><\/a><br \/>\nDie Steinformationen auf der Insel sind recht beeindruckend.<br \/>\n<a href=\"http:\/\/peter.onlinekuhn.com\/wp-content\/uploads\/2007\/11\/teneriffa024_website.jpg\" title=\"teneriffa024_website.jpg\"><img decoding=\"async\" src=\"http:\/\/peter.onlinekuhn.com\/wp-content\/uploads\/2007\/11\/teneriffa024_website.thumbnail.jpg\" alt=\"teneriffa024_website.jpg\" \/><\/a><a href=\"http:\/\/peter.onlinekuhn.com\/wp-content\/uploads\/2007\/11\/teneriffa033_website.jpg\" title=\"teneriffa033_website.jpg\"><img decoding=\"async\" src=\"http:\/\/peter.onlinekuhn.com\/wp-content\/uploads\/2007\/11\/teneriffa033_website.thumbnail.jpg\" alt=\"teneriffa033_website.jpg\" \/><\/a><br \/>\nDie freiliegenden Schichten geben tiefen Einblick in die Erdgeschichte Teneriffas.<br \/>\n<a href=\"http:\/\/peter.onlinekuhn.com\/wp-content\/uploads\/2007\/11\/teneriffa043_website.jpg\" title=\"teneriffa043_website.jpg\"><img decoding=\"async\" src=\"http:\/\/peter.onlinekuhn.com\/wp-content\/uploads\/2007\/11\/teneriffa043_website.thumbnail.jpg\" alt=\"teneriffa043_website.jpg\" \/><\/a><br \/>\nIm S\u00fcdwesten der Insel haben Bergbauern Terrassen angelegt, um auf dem kargen Boden etwas anbauen zu k\u00f6nnen. H\u00fcbsch anzuschauen.<br \/>\n<a href=\"http:\/\/peter.onlinekuhn.com\/wp-content\/uploads\/2007\/11\/teneriffa015_website.jpg\" title=\"teneriffa015_website.jpg\"><img decoding=\"async\" src=\"http:\/\/peter.onlinekuhn.com\/wp-content\/uploads\/2007\/11\/teneriffa015_website.thumbnail.jpg\" alt=\"teneriffa015_website.jpg\" \/><\/a><br \/>\nIst man oben am Teide angekommen, hat man einen unvergesslichen Blick hinunter. Man befindet sich oberhalb der Wolkengrenze. Ein himmlisches Gef\u00fchl. \ud83d\ude42<br \/>\n<a href=\"http:\/\/peter.onlinekuhn.com\/wp-content\/uploads\/2007\/11\/teneriffa035_website.jpg\" title=\"teneriffa035_website.jpg\"><img decoding=\"async\" src=\"http:\/\/peter.onlinekuhn.com\/wp-content\/uploads\/2007\/11\/teneriffa035_website.thumbnail.jpg\" alt=\"teneriffa035_website.jpg\" \/><\/a><br \/>\nBlumen wachsen weiter unten.<br \/>\n<a href=\"http:\/\/peter.onlinekuhn.com\/wp-content\/uploads\/2007\/11\/teneriffa036_website.jpg\" title=\"teneriffa036_website.jpg\"><img decoding=\"async\" src=\"http:\/\/peter.onlinekuhn.com\/wp-content\/uploads\/2007\/11\/teneriffa036_website.thumbnail.jpg\" alt=\"teneriffa036_website.jpg\" \/><\/a><br \/>\nWer nach Teneriffa fliegt, der sollte nicht vers\u00e4umen, die Insel auf eigene Faust zu erkunden. F\u00fcr Naturfreunde sehr zu empfehlen.<br \/>\n<a href=\"http:\/\/peter.onlinekuhn.com\/wp-content\/uploads\/2007\/11\/teneriffa037_website.jpg\" title=\"teneriffa037_website.jpg\"><img decoding=\"async\" src=\"http:\/\/peter.onlinekuhn.com\/wp-content\/uploads\/2007\/11\/teneriffa037_website.thumbnail.jpg\" alt=\"teneriffa037_website.jpg\" \/><\/a><a href=\"http:\/\/peter.onlinekuhn.com\/wp-content\/uploads\/2007\/11\/teneriffa038_website.jpg\" title=\"teneriffa038_website.jpg\"><img decoding=\"async\" src=\"http:\/\/peter.onlinekuhn.com\/wp-content\/uploads\/2007\/11\/teneriffa038_website.thumbnail.jpg\" alt=\"teneriffa038_website.jpg\" \/><\/a><br \/>\nTeneriffa bietet soviel mehr als Poolanlagen. Fotografen werden viele Motive finden \ud83d\ude42<\/p>\n","protected":false},"excerpt":{"rendered":"<p>09.Mai &#8211; 23.Mai 1985 Die Kanareninsel Teneriffa haben wir auch mal f\u00fcr 14 Tage besucht. Wir wohnten in Puerto de la Cruz und haben von dort aus sch\u00f6ne Ausfl\u00fcge mit dem Leihwagen unternommen.<\/p>\n","protected":false},"author":1,"featured_media":0,"comment_status":"open","ping_status":"open","sticky":false,"template":"","format":"standard","meta":{"footnotes":""},"categories":[7],"tags":[],"class_list":["post-294","post","type-post","status-publish","format-standard","hentry","category-fotos-unserer-reisen"],"_links":{"self":[{"href":"http:\/\/peter.onlinekuhn.com\/index.php?rest_route=\/wp\/v2\/posts\/294","targetHints":{"allow":["GET"]}}],"collection":[{"href":"http:\/\/peter.onlinekuhn.com\/index.php?rest_route=\/wp\/v2\/posts"}],"about":[{"href":"http:\/\/peter.onlinekuhn.com\/index.php?rest_route=\/wp\/v2\/types\/post"}],"author":[{"embeddable":true,"href":"http:\/\/peter.onlinekuhn.com\/index.php?rest_route=\/wp\/v2\/users\/1"}],"replies":[{"embeddable":true,"href":"http:\/\/peter.onlinekuhn.com\/index.php?rest_route=%2Fwp%2Fv2%2Fcomments&post=294"}],"version-history":[{"count":0,"href":"http:\/\/peter.onlinekuhn.com\/index.php?rest_route=\/wp\/v2\/posts\/294\/revisions"}],"wp:attachment":[{"href":"http:\/\/peter.onlinekuhn.com\/index.php?rest_route=%2Fwp%2Fv2%2Fmedia&parent=294"}],"wp:term":[{"taxonomy":"category","embeddable":true,"href":"http:\/\/peter.onlinekuhn.com\/index.php?rest_route=%2Fwp%2Fv2%2Fcategories&post=294"},{"taxonomy":"post_tag","embeddable":true,"href":"http:\/\/peter.onlinekuhn.com\/index.php?rest_route=%2Fwp%2Fv2%2Ftags&post=294"}],"curies":[{"name":"wp","href":"https:\/\/api.w.org\/{rel}","templated":true}]}}